{"id":2741,"date":"2020-02-29T21:29:20","date_gmt":"2020-02-29T20:29:20","guid":{"rendered":"https:\/\/julin.dk\/blog\/?p=2741"},"modified":"2020-02-29T21:35:24","modified_gmt":"2020-02-29T20:35:24","slug":"samme-vej-blot-hurtigere","status":"publish","type":"post","link":"https:\/\/julin.dk\/blog\/2020\/02\/29\/samme-vej-blot-hurtigere\/","title":{"rendered":"Samme vej &#8211; blot hurtigere"},"content":{"rendered":"\n<p>Siden f\u00f8rste blogindl\u00e6g 19.2.2020\nblev skrevet, er der kommet yderligere gang i debatten om tech-giganternes\nindmarch i vores dagligliv. Det af Folketingets Etiske R\u00e5d har nu \u00f8nsket at se\nn\u00e6rmere p\u00e5 de s\u00e5kaldte robotters indtr\u00e6ngen i vores hverdag. Samtidig har har\nforskere sat sp\u00f8rgsm\u00e5l ved robotternes menneskerettigheder. Se <a href=\"https:\/\/videnskab.dk\/kultur-samfund\/skal-robotter-have-menneskerettigheder?utm_source=vores+nyhedsbrev&amp;utm_campaign=0fbfd97f80-EMAIL_CAMPAIGN_2020_02_27_10_27&amp;utm_medium=email&amp;utm_term=0_d2f5c83eb4-0fbfd97f80-240158841&amp;fbclid=IwAR2KKon9_DSB_0OYsoPye42CmqGL1zD6LKzrHPuBJVOLvOrGgQVX4kND8-U\">https:\/\/videnskab.dk\/kultur-samfund\/skal-robotter-have-menneskerettigheder?utm_source=vores+nyhedsbrev&amp;utm_campaign=0fbfd97f80-EMAIL_CAMPAIGN_2020_02_27_10_27&amp;utm_medium=email&amp;utm_term=0_d2f5c83eb4-0fbfd97f80-240158841&amp;fbclid=IwAR2KKon9_DSB_0OYsoPye42CmqGL1zD6LKzrHPuBJVOLvOrGgQVX4kND8-U<\/a>\nHer diskuteres der om man fremover skal give robotter menneskerettigheder, da\nde kommer til at have samme funktioner og mulige f\u00f8lelser som mennesker. Det er\nv\u00e6rd at l\u00e6gge m\u00e6rke til den hastighed dette sker med i debatten, og derfor\noverskriften &#8220;Hvor er verden p\u00e5 vej hen? &#8211; samme vej &#8211; blot hurtigere. Det\nkan ogs\u00e5 konstateres i artiklen fra Journalisten (Danske Journalistforbund)\ndenne m\u00e5ned. Klik p\u00e5 linket og l\u00e6s de skr\u00e6mmende perspektiver om journalistikken\nfremover. <a href=\"https:\/\/journalisten.dk\/debat-super-robotteren-kommer-og-de-vil-skabe-en-naesten-journalistfri-fremtid\/?fbclid=IwAR1E1UxgpXp4ztbCi6htTLkKwXGlveQiOXHs7CGoxz1Xc5SgluI9fCAGwDc\">https:\/\/journalisten.dk\/debat-super-robotteren-kommer-og-de-vil-skabe-en-naesten-journalistfri-fremtid\/?fbclid=IwAR1E1UxgpXp4ztbCi6htTLkKwXGlveQiOXHs7CGoxz1Xc5SgluI9fCAGwDc<\/a><\/p>\n\n\n\n<p>Etisk R\u00e5d eller journalistforbundet?\n&#8211; Det drejer sig i langt h\u00f8jere grad om at vi hver is\u00e6r som individer skal tage\nansvar for hvad vi k\u00f8ber, l\u00e6ser og ser &#8211; omv\u00e6ltningen i &#8220;sindenes\nverden&#8221; g\u00e5r s\u00e5 st\u00e6rkt at vi bliver overhalet inden om og ikke f\u00e5r de\nv\u00e6sentlige og motivbaserede artikler der ellers har v\u00e6ret til r\u00e5dighed for vores\nbeslutnings- og videngrundlag.<\/p>\n\n\n\n<p><\/p>\n","protected":false},"excerpt":{"rendered":"<p>Siden f\u00f8rste blogindl\u00e6g 19.2.2020 blev skrevet, er der kommet yderligere gang i debatten om tech-giganternes indmarch i vores dagligliv. Det af Folketingets Etiske R\u00e5d har nu \u00f8nsket at se n\u00e6rmere p\u00e5 de s\u00e5kaldte robotters indtr\u00e6ngen i vores hverdag. Samtidig har har forskere sat sp\u00f8rgsm\u00e5l ved robotternes menneskerettigheder. Se https:\/\/videnskab.dk\/kultur-samfund\/skal-robotter-have-menneskerettigheder?utm_source=vores+nyhedsbrev&amp;utm_campaign=0fbfd97f80-EMAIL_CAMPAIGN_2020_02_27_10_27&amp;utm_medium=email&amp;utm_term=0_d2f5c83eb4-0fbfd97f80-240158841&amp;fbclid=IwAR2KKon9_DSB_0OYsoPye42CmqGL1zD6LKzrHPuBJVOLvOrGgQVX4kND8-U Her diskuteres der om man fremover&#8230;<\/p>\n","protected":false},"author":2,"featured_media":0,"comment_status":"open","ping_status":"open","sticky":false,"template":"","format":"standard","meta":{"_jetpack_memberships_contains_paid_content":false,"footnotes":""},"categories":[29],"tags":[51,50,49,52],"jetpack_sharing_enabled":true,"jetpack_featured_media_url":"","_links":{"self":[{"href":"https:\/\/julin.dk\/blog\/wp-json\/wp\/v2\/posts\/2741"}],"collection":[{"href":"https:\/\/julin.dk\/blog\/wp-json\/wp\/v2\/posts"}],"about":[{"href":"https:\/\/julin.dk\/blog\/wp-json\/wp\/v2\/types\/post"}],"author":[{"embeddable":true,"href":"https:\/\/julin.dk\/blog\/wp-json\/wp\/v2\/users\/2"}],"replies":[{"embeddable":true,"href":"https:\/\/julin.dk\/blog\/wp-json\/wp\/v2\/comments?post=2741"}],"version-history":[{"count":2,"href":"https:\/\/julin.dk\/blog\/wp-json\/wp\/v2\/posts\/2741\/revisions"}],"predecessor-version":[{"id":2746,"href":"https:\/\/julin.dk\/blog\/wp-json\/wp\/v2\/posts\/2741\/revisions\/2746"}],"wp:attachment":[{"href":"https:\/\/julin.dk\/blog\/wp-json\/wp\/v2\/media?parent=2741"}],"wp:term":[{"taxonomy":"category","embeddable":true,"href":"https:\/\/julin.dk\/blog\/wp-json\/wp\/v2\/categories?post=2741"},{"taxonomy":"post_tag","embeddable":true,"href":"https:\/\/julin.dk\/blog\/wp-json\/wp\/v2\/tags?post=2741"}],"curies":[{"name":"wp","href":"https:\/\/api.w.org\/{rel}","templated":true}]}}