{"id":2644,"date":"2020-03-02T22:19:18","date_gmt":"2020-03-02T21:19:18","guid":{"rendered":"https:\/\/julin.dk\/blog\/?p=2644"},"modified":"2020-03-02T22:21:56","modified_gmt":"2020-03-02T21:21:56","slug":"lydblog-om-oplevelse-af-personlighedsforstyrrelse","status":"publish","type":"post","link":"https:\/\/julin.dk\/blog\/2020\/03\/02\/lydblog-om-oplevelse-af-personlighedsforstyrrelse\/","title":{"rendered":"&#8220;Personlighedsforstyrrelse&#8221;"},"content":{"rendered":"\n<p><strong>\u201dEn p\u00e5r\u00f8rendes erfaring \u2013 til advarsel for andre\u201d<\/strong> <strong>&#8211; en undertitel kunne v\u00e6re &#8211; &#8220;n\u00e6ste offer&#8221;<\/strong><\/p>\n\n\n\n<p>Denne blog vil til for\u00e5ret g\u00e5 helt t\u00e6t p\u00e5 den sygdom som mellem 12 og 15 % af befolkningen lider af &#8211; ofte uden selv at vide det. (Pedersen &amp; Simonsen 2014) &#8211; Der ses en tendens til, at det hyppigst er kvinder, som bliver indlagt med personlighedsforstyrrelser. &#8211; Min blog bliver en meget personlig beretning og erfaring om begrebet &#8220;personlighedsforstyrrelse&#8221;<\/p>\n\n\n\n<p><strong>Hvad er personlighedsforstyrrelser?<\/strong>&nbsp;<\/p>\n\n\n\n<p>Personlighedsforstyrrelser er udtalte afvigelser i personlighedens  opbygning. Forstyrrelserne viser sig som regel allerede i barndommen  eller senest i opv\u00e6kst\u00e5rene og varer hele livet. Specielt holdninger,  f\u00f8lelsesliv, impulskontrol og forholdet til andre er afvigende p\u00e5  forskellig vis. Forstyrrelserne betyder, at man ofte ikke kan tilpasse sig situationer eller andre mennesker (f.eks. tage hensyn), at man har et  unuanceret syn p\u00e5 omverdenen (sort\/hvid), og at man har en  uhensigtsm\u00e6ssig adf\u00e6rd. Det g\u00e5r ofte ud over personen selv eller skaber  problemer i forholdet til omgivelserne.&nbsp;<\/p>\n\n\n\n<p>Mennesker med en sv\u00e6r personlighedsforstyrrelse har ofte problemer med at indg\u00e5 i sociale f\u00e6llesskaber som f.eks. p\u00e5 uddannelsesinstitutioner eller arbejdspladser, da deres grundl\u00e6ggende evne til at mentalisere (se sig selv udefra og andre indefra) er p\u00e5virket. Evnen til at  impulsregulere er nedsat og dette betyder, at deres evne til at indg\u00e5 i  sociale sammenh\u00e6nge og l\u00e6ngerevarende relationer til andre er h\u00e6mmet  eller nedsat.<\/p>\n\n\n\n<p>Det s\u00e6rlige ved nogle former for personlighedsforstyrrelser er, at personen selv ikke oplever at have vanskeligheder, men i stedet at det er andre\/omgivelserne, der ikke udviser forst\u00e5else, im\u00f8dekommenhed og  rummelighed. (https:\/\/www.psykiatrifonden.dk\/viden\/diagnoser\/personlighedsforstyrrelse.aspx)<\/p>\n\n\n\n<p>Der kommer i l\u00f8bet af for\u00e5ret helt konkrete eksempler fra hverdagen der forh\u00e5bentlig kan skabe forst\u00e5else og indsigt i mulig sygdomsramt  p\u00e5r\u00f8rende eller person i omgangskredsen. En hj\u00e6lp til at &#8220;sige fra&#8221; i tide, da en p\u00e5r\u00f8rende aldrig kan v\u00e6re behandler.<\/p>\n\n\n\n<p><br>KORTE, MEN EFFEKTIVE BEVISER P\u00c5 NARCISSISME.<br>Her er link til en ret pr\u00e6cis video om den sygdom som vi herhjemme endnu betegner som Personlighedsforstyrrelse. <a href=\"https:\/\/www.facebook.com\/watch\/?v=773549733080832\">https:\/\/www.facebook.com\/watch\/?v=773549733080832<\/a><\/p>\n\n\n\n<p>Videoen ER kort og ret intens forklarende,  men der er flere podcasts og TV-indslag p\u00e5 nettet p\u00e5 dansk om sygdommen, der i enkeltheder forklarer denne alvorlige tilstand. Senere samler jeg links til de danske  foredrag og indl\u00e6g som vigtig viden.<\/p>\n\n\n\n<p>Bloggen &#8220;sygdom&#8221; vil i mods\u00e6tning til denne meget personlige blog, se p\u00e5 generelle problemstillinger og beskrive udsagn fra flere forskellige psykiske sygdomme. De kommer bl.a. fra en anonym &#8220;p\u00e5r\u00f8rendegruppe&#8221; etableret under foreningen &#8220;Bedre psykiatri&#8221;.<\/p>\n\n\n\n<p><\/p>\n","protected":false},"excerpt":{"rendered":"<p>\u201dEn p\u00e5r\u00f8rendes erfaring \u2013 til advarsel for andre\u201d &#8211; en undertitel kunne v\u00e6re &#8211; &#8220;n\u00e6ste offer&#8221; Denne blog vil til for\u00e5ret g\u00e5 helt t\u00e6t p\u00e5 den sygdom som mellem 12 og 15 % af befolkningen lider af &#8211; ofte uden selv at vide det. (Pedersen &amp; Simonsen 2014) &#8211; Der ses en tendens til, at&#8230;<\/p>\n","protected":false},"author":2,"featured_media":2249,"comment_status":"open","ping_status":"open","sticky":false,"template":"","format":"standard","meta":{"_jetpack_memberships_contains_paid_content":false,"footnotes":""},"categories":[48],"tags":[],"jetpack_sharing_enabled":true,"jetpack_featured_media_url":"https:\/\/julin.dk\/blog\/wp-content\/uploads\/2015\/12\/street-1026246_1920.jpg","_links":{"self":[{"href":"https:\/\/julin.dk\/blog\/wp-json\/wp\/v2\/posts\/2644"}],"collection":[{"href":"https:\/\/julin.dk\/blog\/wp-json\/wp\/v2\/posts"}],"about":[{"href":"https:\/\/julin.dk\/blog\/wp-json\/wp\/v2\/types\/post"}],"author":[{"embeddable":true,"href":"https:\/\/julin.dk\/blog\/wp-json\/wp\/v2\/users\/2"}],"replies":[{"embeddable":true,"href":"https:\/\/julin.dk\/blog\/wp-json\/wp\/v2\/comments?post=2644"}],"version-history":[{"count":14,"href":"https:\/\/julin.dk\/blog\/wp-json\/wp\/v2\/posts\/2644\/revisions"}],"predecessor-version":[{"id":2752,"href":"https:\/\/julin.dk\/blog\/wp-json\/wp\/v2\/posts\/2644\/revisions\/2752"}],"wp:featuredmedia":[{"embeddable":true,"href":"https:\/\/julin.dk\/blog\/wp-json\/wp\/v2\/media\/2249"}],"wp:attachment":[{"href":"https:\/\/julin.dk\/blog\/wp-json\/wp\/v2\/media?parent=2644"}],"wp:term":[{"taxonomy":"category","embeddable":true,"href":"https:\/\/julin.dk\/blog\/wp-json\/wp\/v2\/categories?post=2644"},{"taxonomy":"post_tag","embeddable":true,"href":"https:\/\/julin.dk\/blog\/wp-json\/wp\/v2\/tags?post=2644"}],"curies":[{"name":"wp","href":"https:\/\/api.w.org\/{rel}","templated":true}]}}