{"id":2634,"date":"2020-02-06T18:58:49","date_gmt":"2020-02-06T17:58:49","guid":{"rendered":"https:\/\/julin.dk\/blog\/?p=2634"},"modified":"2020-02-21T22:33:58","modified_gmt":"2020-02-21T21:33:58","slug":"symptom-eller-aarsagsbehandling","status":"publish","type":"post","link":"https:\/\/julin.dk\/blog\/2020\/02\/06\/symptom-eller-aarsagsbehandling\/","title":{"rendered":"Symptom- eller \u00e5rsagsbehandling"},"content":{"rendered":"\n<p><strong>En blok om sygdomme der i virkeligheden stammer fra opv\u00e6ksten<\/strong><\/p>\n\n\n\n<p>De senere \u00e5r er en r\u00e6kke psykiske sygdomme blevet identificeret, men ikke italesat, eller rettere, de er ofte tabubelagt, fordi et meget stort antal p\u00e5r\u00f8rende ikke er st\u00e5et frem med de ofte uoverstigelige problemer af frygt for skyld og skam. Denne blog vil hen ad vejen fors\u00f8ge at itales\u00e6tte de uv\u00e6rdigt mange tilf\u00e6lde af &#8220;personlighedsforstyrrelser&#8221; der \u00e5rligt rammer kollegaer, klubkammerater og familiemedlemmer. P\u00e5r\u00f8rende ER jo IKKE behandlere, men skal l\u00e6re at beskytte sig selv &#8211; OG samtidig give de syge forsigtig hj\u00e6lp i den retning der anbefales af professionelle behandlere. <\/p>\n\n\n\n<h3 class=\"wp-block-heading\">Hvor mange har personlighedsforstyrrelser?<\/h3>\n\n\n\n<p>Det er ikke muligt at komme med eksakte  tal om hyppigheden af personlighedsforstyrrelser. Unders\u00f8gelser har vist meget forskellige resultater fra 2-3% til <strong>12-15% af befolkningen<\/strong>, men  studier viser, at personlighedsforstyrrelser er en af de hyppigste  psykiske lidelser i Danmark (Pedersen &amp; Simonsen 2014). <em>Der ses en  tendens til, at det hyppigst er kvinder, som bliver indlagt med  personlighedsforstyrrelser, hvor borderline og de \u00e6ngstelige former dominerer<\/em>. Blandt indlagte m\u00e6nd ses hyppigst den dyssociale og den  tvangspr\u00e6gede form (Bertelsen, Munk-J\u00f8rgensen, og Bech 2010).<\/p>\n\n\n\n<p>Nogle unders\u00f8ger viser, at omkring 2% af henvisningerne af b\u00f8rn og unge til psykiatrien omhandler personlighedsforstyrrelser.<\/p>\n\n\n\n<p>Der vil her komme anonyme udsagn fra en &#8220;p\u00e5r\u00f8rendegruppe&#8221; etableret under foreningen &#8220;Bedre psykiatri&#8221;.<\/p>\n\n\n\n<p><a href=\"https:\/\/www.psykiatrifonden.dk\/viden\/diagnoser\/personlighedsforstyrrelse.aspx\">https:\/\/www.psykiatrifonden.dk\/viden\/diagnoser\/personlighedsforstyrrelse.aspx<\/a><\/p>\n\n\n\n<p><\/p>\n\n\n\n<p><\/p>\n","protected":false},"excerpt":{"rendered":"<p>En blok om sygdomme der i virkeligheden stammer fra opv\u00e6ksten De senere \u00e5r er en r\u00e6kke psykiske sygdomme blevet identificeret, men ikke italesat, eller rettere, de er ofte tabubelagt, fordi et meget stort antal p\u00e5r\u00f8rende ikke er st\u00e5et frem med de ofte uoverstigelige problemer af frygt for skyld og skam. Denne blog vil hen ad&#8230;<\/p>\n","protected":false},"author":2,"featured_media":2678,"comment_status":"open","ping_status":"open","sticky":false,"template":"","format":"standard","meta":{"_jetpack_memberships_contains_paid_content":false,"footnotes":""},"categories":[42],"tags":[44,46,47,45,43],"jetpack_sharing_enabled":true,"jetpack_featured_media_url":"https:\/\/julin.dk\/blog\/wp-content\/uploads\/2020\/02\/880C9FF2-70F0-43E9-903B-1A7642AFDF96-scaled.jpeg","_links":{"self":[{"href":"https:\/\/julin.dk\/blog\/wp-json\/wp\/v2\/posts\/2634"}],"collection":[{"href":"https:\/\/julin.dk\/blog\/wp-json\/wp\/v2\/posts"}],"about":[{"href":"https:\/\/julin.dk\/blog\/wp-json\/wp\/v2\/types\/post"}],"author":[{"embeddable":true,"href":"https:\/\/julin.dk\/blog\/wp-json\/wp\/v2\/users\/2"}],"replies":[{"embeddable":true,"href":"https:\/\/julin.dk\/blog\/wp-json\/wp\/v2\/comments?post=2634"}],"version-history":[{"count":5,"href":"https:\/\/julin.dk\/blog\/wp-json\/wp\/v2\/posts\/2634\/revisions"}],"predecessor-version":[{"id":2738,"href":"https:\/\/julin.dk\/blog\/wp-json\/wp\/v2\/posts\/2634\/revisions\/2738"}],"wp:featuredmedia":[{"embeddable":true,"href":"https:\/\/julin.dk\/blog\/wp-json\/wp\/v2\/media\/2678"}],"wp:attachment":[{"href":"https:\/\/julin.dk\/blog\/wp-json\/wp\/v2\/media?parent=2634"}],"wp:term":[{"taxonomy":"category","embeddable":true,"href":"https:\/\/julin.dk\/blog\/wp-json\/wp\/v2\/categories?post=2634"},{"taxonomy":"post_tag","embeddable":true,"href":"https:\/\/julin.dk\/blog\/wp-json\/wp\/v2\/tags?post=2634"}],"curies":[{"name":"wp","href":"https:\/\/api.w.org\/{rel}","templated":true}]}}